{"id":1753,"date":"2025-07-22T13:09:09","date_gmt":"2025-07-22T11:09:09","guid":{"rendered":"https:\/\/biblioteka.wladyslawowo.pl\/?p=1753"},"modified":"2025-07-22T13:09:22","modified_gmt":"2025-07-22T11:09:22","slug":"haftowana-bandera","status":"publish","type":"post","link":"https:\/\/biblioteka.wladyslawowo.pl\/index.php\/2025\/07\/22\/haftowana-bandera\/","title":{"rendered":"&#8222;Haftowana bandera&#8221;"},"content":{"rendered":"\n<p>Dzisiaj przypadaj\u0105 123 urodziny kaszubskiego pisarza Augustyna Necla, ( ur. 22.07.1902 r.<\/p>\n\n\n\n<p>W pi\u0105tek 25.07 o godz. 18.00, w Klubie Seniora we W\u0142adys\u0142awowie  odb\u0119dzie si\u0119 promocja nowego wydania ksi\u0105\u017cki A. Necla pt.: &#8222;Haftowana bandera&#8221;. <\/p>\n\n\n\n<p>Wznowienie ksi\u0105\u017cki, po 27 latach dzi\u0119ki wsparciu finansowemu Gminy W\u0142adys\u0142awowo. <\/p>\n\n\n\n<p>Organizatorem wydarzenia jest Stowarzyszenie Szotland, a wsp\u00f3\u0142organizatorami s\u0105: <\/p>\n\n\n\n<p>Rodzina pisarza &#8211; Franciszek Necel<\/p>\n\n\n\n<p>Biblioteka Miejska i Powiatowa we W\u0142adys\u0142awowie &#8211; Bogumi\u0142a Ceynowa-Kasprzyk<\/p>\n\n\n\n<p>Muzeum P\u00f3\u0142nocnokaszubskie we W\u0142adys\u0142awowie &#8211; Miros\u0142aw Kuklik<\/p>\n\n\n\n<p>Opraw\u0119 muzyczn\u0105 zapewni zesp\u00f3\u0142 Kaszubianki, kt\u00f3ry od lat towarzyszy wydarzeniom zwi\u0105zanym z promocj\u0105 kultury kaszubskiej.<\/p>\n\n\n\n<p>By by\u0142o mi\u0142o i rodzinnie, zapewnimy kaw\u0119 i pyszne ciasto pani Dyrektor Biblioteki. <\/p>\n\n\n\n<p><strong>ZAPRASZAMY<\/strong><\/p>\n\n\n\n<div class=\"wp-block-uagb-image uagb-block-2bd1d262 wp-block-uagb-image--layout-default wp-block-uagb-image--effect-static wp-block-uagb-image--align-none\"><figure class=\"wp-block-uagb-image__figure\"><img decoding=\"async\" srcset=\"https:\/\/biblioteka.wladyslawowo.pl\/wp-content\/uploads\/2025\/07\/okladka.jpg ,https:\/\/biblioteka.wladyslawowo.pl\/wp-content\/uploads\/2025\/07\/okladka.jpg 780w, https:\/\/biblioteka.wladyslawowo.pl\/wp-content\/uploads\/2025\/07\/okladka.jpg 360w\" sizes=\"auto, (max-width: 480px) 150px\" src=\"https:\/\/biblioteka.wladyslawowo.pl\/wp-content\/uploads\/2025\/07\/okladka.jpg\" alt=\"\" class=\"uag-image-1754\" width=\"573\" height=\"725\" title=\"ok\u0142adka\" loading=\"lazy\" role=\"img\"\/><\/figure><\/div>\n\n\n\n<div class=\"wp-block-uagb-image uagb-block-160c8942 wp-block-uagb-image--layout-default wp-block-uagb-image--effect-static wp-block-uagb-image--align-none\"><figure class=\"wp-block-uagb-image__figure\"><img decoding=\"async\" srcset=\"https:\/\/biblioteka.wladyslawowo.pl\/wp-content\/uploads\/2025\/07\/IMG_20240722_072904-845x1024.jpg ,https:\/\/biblioteka.wladyslawowo.pl\/wp-content\/uploads\/2025\/07\/IMG_20240722_072904.jpg 780w, https:\/\/biblioteka.wladyslawowo.pl\/wp-content\/uploads\/2025\/07\/IMG_20240722_072904.jpg 360w\" sizes=\"auto, (max-width: 480px) 150px\" src=\"https:\/\/biblioteka.wladyslawowo.pl\/wp-content\/uploads\/2025\/07\/IMG_20240722_072904-845x1024.jpg\" alt=\"\" class=\"uag-image-1756\" width=\"1018\" height=\"1234\" title=\"Oplus_0\" loading=\"lazy\" role=\"img\"\/><\/figure><\/div>\n\n\n\n<div class=\"wp-block-uagb-image uagb-block-0e115963 wp-block-uagb-image--layout-default wp-block-uagb-image--effect-static wp-block-uagb-image--align-none\"><figure class=\"wp-block-uagb-image__figure\"><img decoding=\"async\" srcset=\"https:\/\/biblioteka.wladyslawowo.pl\/wp-content\/uploads\/2025\/07\/IMG_20250722_113858.jpg ,https:\/\/biblioteka.wladyslawowo.pl\/wp-content\/uploads\/2025\/07\/IMG_20250722_113858.jpg 780w, https:\/\/biblioteka.wladyslawowo.pl\/wp-content\/uploads\/2025\/07\/IMG_20250722_113858.jpg 360w\" sizes=\"auto, (max-width: 480px) 150px\" src=\"https:\/\/biblioteka.wladyslawowo.pl\/wp-content\/uploads\/2025\/07\/IMG_20250722_113858.jpg\" alt=\"\" class=\"uag-image-1755\" width=\"185\" height=\"156\" title=\"Oplus_131072\" loading=\"lazy\" role=\"img\"\/><\/figure><\/div>\n\n\n\n<div class=\"wp-block-uagb-image uagb-block-9c5489a1 wp-block-uagb-image--layout-default wp-block-uagb-image--effect-static wp-block-uagb-image--align-none\"><figure class=\"wp-block-uagb-image__figure\"><img decoding=\"async\" srcset=\"https:\/\/biblioteka.wladyslawowo.pl\/wp-content\/uploads\/2025\/07\/zyciorys.jpg ,https:\/\/biblioteka.wladyslawowo.pl\/wp-content\/uploads\/2025\/07\/zyciorys.jpg 780w, https:\/\/biblioteka.wladyslawowo.pl\/wp-content\/uploads\/2025\/07\/zyciorys.jpg 360w\" sizes=\"auto, (max-width: 480px) 150px\" src=\"https:\/\/biblioteka.wladyslawowo.pl\/wp-content\/uploads\/2025\/07\/zyciorys.jpg\" alt=\"\" class=\"uag-image-1757\" width=\"463\" height=\"632\" title=\"\u017cyciorys\" loading=\"lazy\" role=\"img\"\/><\/figure><\/div>\n","protected":false},"excerpt":{"rendered":"<p>Dzisiaj przypadaj\u0105 123 urodziny kaszubskiego pisarza Augustyna Necla, ( ur. 22.07.1902 r. W pi\u0105tek 25.07 o godz. 18.00, w Klubie [&hellip;]<\/p>\n","protected":false},"author":2,"featured_media":0,"comment_status":"open","ping_status":"open","sticky":false,"template":"","format":"standard","meta":{"_uag_custom_page_level_css":"","site-sidebar-layout":"default","site-content-layout":"","ast-site-content-layout":"","site-content-style":"default","site-sidebar-style":"default","ast-global-header-display":"","ast-banner-title-visibility":"","ast-main-header-display":"","ast-hfb-above-header-display":"","ast-hfb-below-header-display":"","ast-hfb-mobile-header-display":"","site-post-title":"","ast-breadcrumbs-content":"","ast-featured-img":"","footer-sml-layout":"","theme-transparent-header-meta":"","adv-header-id-meta":"","stick-header-meta":"","header-above-stick-meta":"","header-main-stick-meta":"","header-below-stick-meta":"","astra-migrate-meta-layouts":"default","ast-page-background-enabled":"default","ast-page-background-meta":{"desktop":{"background-color":"var(--ast-global-color-5)","background-image":"","background-repeat":"repeat","background-position":"center center","background-size":"auto","background-attachment":"scroll","background-type":"","background-media":"","overlay-type":"","overlay-color":"","overlay-opacity":"","overlay-gradient":""},"tablet":{"background-color":"","background-image":"","background-repeat":"repeat","background-position":"center center","background-size":"auto","background-attachment":"scroll","background-type":"","background-media":"","overlay-type":"","overlay-color":"","overlay-opacity":"","overlay-gradient":""},"mobile":{"background-color":"","background-image":"","background-repeat":"repeat","background-position":"center center","background-size":"auto","background-attachment":"scroll","background-type":"","background-media":"","overlay-type":"","overlay-color":"","overlay-opacity":"","overlay-gradient":""}},"ast-content-background-meta":{"desktop":{"background-color":"var(--ast-global-color-4)","background-image":"","background-repeat":"repeat","background-position":"center center","background-size":"auto","background-attachment":"scroll","background-type":"","background-media":"","overlay-type":"","overlay-color":"","overlay-opacity":"","overlay-gradient":""},"tablet":{"background-color":"var(--ast-global-color-4)","background-image":"","background-repeat":"repeat","background-position":"center center","background-size":"auto","background-attachment":"scroll","background-type":"","background-media":"","overlay-type":"","overlay-color":"","overlay-opacity":"","overlay-gradient":""},"mobile":{"background-color":"var(--ast-global-color-4)","background-image":"","background-repeat":"repeat","background-position":"center center","background-size":"auto","background-attachment":"scroll","background-type":"","background-media":"","overlay-type":"","overlay-color":"","overlay-opacity":"","overlay-gradient":""}},"footnotes":""},"categories":[19,21],"tags":[],"class_list":["post-1753","post","type-post","status-publish","format-standard","hentry","category-aktualnosci","category-archiwum"],"uagb_featured_image_src":{"full":false,"thumbnail":false,"medium":false,"medium_large":false,"large":false,"1536x1536":false,"2048x2048":false},"uagb_author_info":{"display_name":"biblioteka@wladyslawowo.pl","author_link":"https:\/\/biblioteka.wladyslawowo.pl\/index.php\/author\/bibliotekawladyslawowo-pl\/"},"uagb_comment_info":0,"uagb_excerpt":"Dzisiaj przypadaj\u0105 123 urodziny kaszubskiego pisarza Augustyna Necla, ( ur. 22.07.1902 r. W pi\u0105tek 25.07 o godz. 18.00, w Klubie [&hellip;]","_links":{"self":[{"href":"https:\/\/biblioteka.wladyslawowo.pl\/index.php\/wp-json\/wp\/v2\/posts\/1753","targetHints":{"allow":["GET"]}}],"collection":[{"href":"https:\/\/biblioteka.wladyslawowo.pl\/index.php\/wp-json\/wp\/v2\/posts"}],"about":[{"href":"https:\/\/biblioteka.wladyslawowo.pl\/index.php\/wp-json\/wp\/v2\/types\/post"}],"author":[{"embeddable":true,"href":"https:\/\/biblioteka.wladyslawowo.pl\/index.php\/wp-json\/wp\/v2\/users\/2"}],"replies":[{"embeddable":true,"href":"https:\/\/biblioteka.wladyslawowo.pl\/index.php\/wp-json\/wp\/v2\/comments?post=1753"}],"version-history":[{"count":1,"href":"https:\/\/biblioteka.wladyslawowo.pl\/index.php\/wp-json\/wp\/v2\/posts\/1753\/revisions"}],"predecessor-version":[{"id":1758,"href":"https:\/\/biblioteka.wladyslawowo.pl\/index.php\/wp-json\/wp\/v2\/posts\/1753\/revisions\/1758"}],"wp:attachment":[{"href":"https:\/\/biblioteka.wladyslawowo.pl\/index.php\/wp-json\/wp\/v2\/media?parent=1753"}],"wp:term":[{"taxonomy":"category","embeddable":true,"href":"https:\/\/biblioteka.wladyslawowo.pl\/index.php\/wp-json\/wp\/v2\/categories?post=1753"},{"taxonomy":"post_tag","embeddable":true,"href":"https:\/\/biblioteka.wladyslawowo.pl\/index.php\/wp-json\/wp\/v2\/tags?post=1753"}],"curies":[{"name":"wp","href":"https:\/\/api.w.org\/{rel}","templated":true}]}}